{"id":653,"date":"2026-04-17T08:26:58","date_gmt":"2026-04-17T08:26:58","guid":{"rendered":"http:\/\/promotor.rzeszow.pl\/?p=653"},"modified":"2026-04-17T08:27:45","modified_gmt":"2026-04-17T08:27:45","slug":"zostal-zamkniety-nabor-zgloszen-do-iv-wojewodzkiego-przegladu-zespolow-taneczna-niezapominajka-2026","status":"publish","type":"post","link":"http:\/\/promotor.rzeszow.pl\/?p=653","title":{"rendered":"Zosta\u0142 zamkni\u0119ty nab\u00f3r zg\u0142osze\u0144 do IV Wojew\u00f3dzkiego Przegl\u0105du Zespo\u0142\u00f3w TANECZNA NIEZAPOMINAJKA 2026."},"content":{"rendered":"\n<p><strong>Dzi\u0119kujemy za tak liczne zg\u0142oszenia. Tych, kt\u00f3rzy nie zd\u0105\u017cyli zapraszamy do aplikowania za rok. Poni\u017cej zakwalifikowane Zespo\u0142y. Kolejno\u015b\u0107 prezentacji 22.05.2026 &#8211; pi\u0105tek sala widowiskowa Centrum M\u0142odzie\u017cy Osmeckiego 51<\/strong> <\/p>\n\n\n\n<p>Zosta\u0142 zamkni\u0119ty nab\u00f3r zg\u0142osze\u0144 do IV Wojew\u00f3dzkiego Przegl\u0105du Zespo\u0142\u00f3w TANECZNA NIEZAPOMINAJKA 2026. <\/p>\n\n\n\n<p>Dzi\u0119kujemy za tak liczne zg\u0142oszenia. Tych, kt\u00f3rzy nie zd\u0105\u017cyli zapraszamy do aplikowania za rok. Poni\u017cej zakwalifikowane Zespo\u0142y. <\/p>\n\n\n\n<p><strong>Kolejno\u015b\u0107 prezentacji 22.05.2026 &#8211; pi\u0105tek sala widowiskowa Centrum M\u0142odzie\u017cy Osmeckiego 51 <\/strong><\/p>\n\n\n\n<p><strong>Kategoria klasy 1-3 Szko\u0142y Podstawowej, <br>start godz. 9:00 <\/strong><br>1. Zesp\u00f3\u0142 Taneczny KLEKS VI \u2013 Krosno <br>2. ZTL Rzeszowianka \u2013 Rzesz\u00f3w <br>3. Camino II \u2013 \u0141a\u0144cut <br>4. STEPSIKI \u2013 Kolbuszowa <br>5. NOWY STEPS \u2013 Kolbuszowa <br>6. FLOWDANCE Grupa 1 \u2013 Rzesz\u00f3w <br>7. PUENTA RDK Matys\u00f3wka- Rzesz\u00f3w <br>8. Zesp\u00f3\u0142 Taneczny Krzemyki \u2013 Krzemienica <br>9. Gwiazdeczki \u2013 Krasne <br>10. Prima Akademia Ta\u0144ca Dzieci 1 \u2013 Rzesz\u00f3w <br>11. Prima Akademia Ta\u0144ca Mini Dzieci \u2013 Rzesz\u00f3w <br>12. Iskierka \u0141a\u0144cut Grupa Dzieci\u0119ca \u2013 \u0141a\u0144cut <br>13. Iskierka Bia\u0142obrzegi Grupa Dzieci\u0119ca \u2013 Bia\u0142obrzegi <br>14. Iskierka \u0141a\u0144cut Grupa Kids \u2013 \u0141a\u0144cut <br>15. DMS Gang &#8211; Rzesz\u00f3w <br>16. Akademia Ta\u0144ca Bravo \u2013 Rzesz\u00f3w <br>17. Zesp\u00f3\u0142 Pie\u015bni i Ta\u0144ca Ma\u0142y Jaros\u0142aw &#8211; Jaros\u0142aw <\/p>\n\n\n\n<p><strong>Og\u0142oszenie wynik\u00f3w I kategorii wiekowej godzina 11:30<br> Opuszczenie garder\u00f3b zespo\u0142\u00f3w z kategorii I. <\/strong><br><br><strong>Kategoria klasy 4-7 Szko\u0142y Podstawowej, <br>start 12:30 <\/strong><br>1. Zesp\u00f3\u0142 Taneczny \u201eTrzynastka\u201d \u2013 Rzesz\u00f3w <br>2. FLOWDANCE Grupa 3 \u2013 B\u0142a\u017cowa <br>3. FLOWDANCE Grupa 2 \u2013 Dyn\u00f3w <br>4. Zesp\u00f3\u0142 Ta\u0144ca Estradowego EKROL \u2013 \u0141a\u0144cut <br>5. Prima Akademia Ta\u0144ca Dzieci 2 \u2013 Rzesz\u00f3w <br>6. Gwiazdeczki \u2013 Krasne <br>7. ZPiT Chorzelowiacy \u2013 Chorzel\u00f3w <br>8. Akademia Ta\u0144ca Bravo \u2013 Rzesz\u00f3w <br>9. DMS SQUAD \u2013 Rzesz\u00f3w <br>10. DS Dance Academy Junior 1 \u2013 Gaw\u0142uszowice <br>11. Zesp\u00f3\u0142 Taneczny Element Dzieci \u2013 Jarocin <br>12. Zesp\u00f3\u0142 Taneczny Element Junior &#8211; Jarocin <br><br><strong>Og\u0142oszenie wynik\u00f3w II kategorii wiekowej <br>godzina 13:45 <\/strong><br><br>Kategoria klasy 7 Szko\u0142y Podstawowej + Szko\u0142y \u015arednie, <br>start 14:15 <br>1. DMS CREW \u2013 Rzesz\u00f3w <br>2. ZTFN Impet \u2013 Rzesz\u00f3w <br>3. Prima Akademia Ta\u0144ca Kadeci \u2013 Rzesz\u00f3w <br>4. ZPiT Chorzelowiacy \u2013 Chorzel\u00f3w <br>5. Akademia Ta\u0144ca we Franciszka\u0144skim O\u015brodku Kultury w Le\u017cajsku <br>6. Akademia Ta\u0144ca Bravo \u2013 Rzesz\u00f3w <br>7. 5 Dance \u2013 Rzesz\u00f3w <br>8. ART DANCE \u2013 Rzesz\u00f3w <br>9. Infinity Crew \u2013 Tarnobrzeg <br>10. Impact \u2013 Tarnobrzeg <br>11. Commited &#8211; Tarnobrzeg <br><strong><br>Og\u0142oszenie wynik\u00f3w III kategorii wiekowej <br>godzina 15:00<\/strong><\/p>\n\n\n\n<figure class=\"wp-block-image size-large\"><img loading=\"lazy\" width=\"1024\" height=\"799\" src=\"http:\/\/promotor.rzeszow.pl\/wp-content\/uploads\/2026\/04\/Slajd-2026-1024x799.jpg\" alt=\"\" class=\"wp-image-648\" srcset=\"http:\/\/promotor.rzeszow.pl\/wp-content\/uploads\/2026\/04\/Slajd-2026-1024x799.jpg 1024w, http:\/\/promotor.rzeszow.pl\/wp-content\/uploads\/2026\/04\/Slajd-2026-300x234.jpg 300w, http:\/\/promotor.rzeszow.pl\/wp-content\/uploads\/2026\/04\/Slajd-2026-768x599.jpg 768w, http:\/\/promotor.rzeszow.pl\/wp-content\/uploads\/2026\/04\/Slajd-2026-1536x1199.jpg 1536w, http:\/\/promotor.rzeszow.pl\/wp-content\/uploads\/2026\/04\/Slajd-2026-2048x1598.jpg 2048w\" sizes=\"(max-width: 767px) 89vw, (max-width: 1000px) 54vw, (max-width: 1071px) 543px, 580px\" \/><\/figure>\n","protected":false},"excerpt":{"rendered":"<p>Dzi\u0119kujemy za tak liczne zg\u0142oszenia. Tych, kt\u00f3rzy nie zd\u0105\u017cyli zapraszamy do aplikowania za rok. Poni\u017cej zakwalifikowane Zespo\u0142y. Kolejno\u015b\u0107 prezentacji 22.05.2026 &#8211; pi\u0105tek sala widowiskowa Centrum M\u0142odzie\u017cy Osmeckiego 51 Zosta\u0142 zamkni\u0119ty nab\u00f3r zg\u0142osze\u0144 do IV Wojew\u00f3dzkiego Przegl\u0105du Zespo\u0142\u00f3w TANECZNA NIEZAPOMINAJKA 2026. Dzi\u0119kujemy za tak liczne zg\u0142oszenia. Tych, kt\u00f3rzy nie zd\u0105\u017cyli zapraszamy do aplikowania za rok. Poni\u017cej &hellip; <\/p>\n<p class=\"link-more\"><a href=\"http:\/\/promotor.rzeszow.pl\/?p=653\" class=\"more-link\">Czytaj dalej<span class=\"screen-reader-text\"> Zosta\u0142 zamkni\u0119ty nab\u00f3r zg\u0142osze\u0144 do IV Wojew\u00f3dzkiego Przegl\u0105du Zespo\u0142\u00f3w TANECZNA NIEZAPOMINAJKA 2026.<\/span><\/a><\/p>\n","protected":false},"author":1,"featured_media":648,"comment_status":"open","ping_status":"open","sticky":false,"template":"","format":"standard","meta":[],"categories":[1],"tags":[],"_links":{"self":[{"href":"http:\/\/promotor.rzeszow.pl\/index.php?rest_route=\/wp\/v2\/posts\/653"}],"collection":[{"href":"http:\/\/promotor.rzeszow.pl\/index.php?rest_route=\/wp\/v2\/posts"}],"about":[{"href":"http:\/\/promotor.rzeszow.pl\/index.php?rest_route=\/wp\/v2\/types\/post"}],"author":[{"embeddable":true,"href":"http:\/\/promotor.rzeszow.pl\/index.php?rest_route=\/wp\/v2\/users\/1"}],"replies":[{"embeddable":true,"href":"http:\/\/promotor.rzeszow.pl\/index.php?rest_route=%2Fwp%2Fv2%2Fcomments&post=653"}],"version-history":[{"count":2,"href":"http:\/\/promotor.rzeszow.pl\/index.php?rest_route=\/wp\/v2\/posts\/653\/revisions"}],"predecessor-version":[{"id":655,"href":"http:\/\/promotor.rzeszow.pl\/index.php?rest_route=\/wp\/v2\/posts\/653\/revisions\/655"}],"wp:featuredmedia":[{"embeddable":true,"href":"http:\/\/promotor.rzeszow.pl\/index.php?rest_route=\/wp\/v2\/media\/648"}],"wp:attachment":[{"href":"http:\/\/promotor.rzeszow.pl\/index.php?rest_route=%2Fwp%2Fv2%2Fmedia&parent=653"}],"wp:term":[{"taxonomy":"category","embeddable":true,"href":"http:\/\/promotor.rzeszow.pl\/index.php?rest_route=%2Fwp%2Fv2%2Fcategories&post=653"},{"taxonomy":"post_tag","embeddable":true,"href":"http:\/\/promotor.rzeszow.pl\/index.php?rest_route=%2Fwp%2Fv2%2Ftags&post=653"}],"curies":[{"name":"wp","href":"https:\/\/api.w.org\/{rel}","templated":true}]}}