{"id":614,"date":"2025-10-01T10:38:50","date_gmt":"2025-10-01T10:38:50","guid":{"rendered":"http:\/\/promotor.rzeszow.pl\/?p=614"},"modified":"2025-10-28T11:14:06","modified_gmt":"2025-10-28T11:14:06","slug":"29-10-2025-prezentacje-konkursowe-i-koncert-galowy","status":"publish","type":"post","link":"http:\/\/promotor.rzeszow.pl\/?p=614","title":{"rendered":"29.10.2025 Prezentacje konkursowe i Koncert Galowy"},"content":{"rendered":"\n<p>29.10.2025r. Wielkie \u015bwi\u0119to ta\u0144ca w Rzeszowie XXII Mi\u0119dzynarodowy Festiwal Zespo\u0142\u00f3w tanecznych \u201cO Laur Recha\u201d<\/p>\n\n\n\n<figure class=\"wp-block-image size-large\"><img loading=\"lazy\" width=\"1024\" height=\"716\" src=\"http:\/\/promotor.rzeszow.pl\/wp-content\/uploads\/2025\/07\/Plakat-laur-2025_a-1024x716.jpg\" alt=\"\" class=\"wp-image-609\" srcset=\"http:\/\/promotor.rzeszow.pl\/wp-content\/uploads\/2025\/07\/Plakat-laur-2025_a-1024x716.jpg 1024w, http:\/\/promotor.rzeszow.pl\/wp-content\/uploads\/2025\/07\/Plakat-laur-2025_a-300x210.jpg 300w, http:\/\/promotor.rzeszow.pl\/wp-content\/uploads\/2025\/07\/Plakat-laur-2025_a-768x537.jpg 768w, http:\/\/promotor.rzeszow.pl\/wp-content\/uploads\/2025\/07\/Plakat-laur-2025_a-1536x1075.jpg 1536w, http:\/\/promotor.rzeszow.pl\/wp-content\/uploads\/2025\/07\/Plakat-laur-2025_a-2048x1433.jpg 2048w\" sizes=\"(max-width: 767px) 89vw, (max-width: 1000px) 54vw, (max-width: 1071px) 543px, 580px\" \/><\/figure>\n\n\n\n<p>Stowarzyszenie Wspierania Edukacji Artystycznej PROMOTOR, Centrum M\u0142odzie\u017cy w Rzeszowie wraz z Rad\u0105 M\u0142odzie\u017cy Rzeszowa zapraszaj\u0105 29 pa\u017adziernika 2025 do Rzeszowa.<\/p>\n\n\n\n<p><em><strong><br>Festiwal odb\u0119dzie si\u0119&nbsp; 29.10.2025r.<\/strong><\/em>&nbsp;(\u015broda) w Filharmonii Podkarpackiej im. Artura Malawskiego przy ul. Chopina 30 w Rzeszowie.<\/p>\n\n\n\n<p><strong><br>Podczas prezentacji konkursowych<\/strong>&nbsp;zaprezentuje si\u0119&nbsp;<strong>19 grup tanecznych z 11 plac\u00f3wek.<br><\/strong>Ocenia\u0107 je b\u0119dzie wykwalifikowane jury.<br>Zespo\u0142y zaprezentuj\u0105 si\u0119 w trzech kategoriach wiekowych, 8-12 lat, 12-17 lat, 17-24 lata.<\/p>\n\n\n\n<p><strong><br>W koncercie galowym o godz. 17.00<\/strong>&nbsp;zaprezentuj\u0105 si\u0119 laureaci prezentacji konkursowych oraz tancerze z CMR.<\/p>\n\n\n\n<figure class=\"wp-block-image size-large\"><a href=\"https:\/\/erzeszow.pl\/\"><img loading=\"lazy\" width=\"1024\" height=\"309\" src=\"http:\/\/promotor.rzeszow.pl\/wp-content\/uploads\/2023\/09\/logo_nowe_polskie_corel9-1024x309.jpg\" alt=\"\" class=\"wp-image-316\" srcset=\"http:\/\/promotor.rzeszow.pl\/wp-content\/uploads\/2023\/09\/logo_nowe_polskie_corel9-1024x309.jpg 1024w, http:\/\/promotor.rzeszow.pl\/wp-content\/uploads\/2023\/09\/logo_nowe_polskie_corel9-300x91.jpg 300w, http:\/\/promotor.rzeszow.pl\/wp-content\/uploads\/2023\/09\/logo_nowe_polskie_corel9-768x232.jpg 768w, http:\/\/promotor.rzeszow.pl\/wp-content\/uploads\/2023\/09\/logo_nowe_polskie_corel9-1536x464.jpg 1536w, http:\/\/promotor.rzeszow.pl\/wp-content\/uploads\/2023\/09\/logo_nowe_polskie_corel9.jpg 1984w\" sizes=\"(max-width: 767px) 89vw, (max-width: 1000px) 54vw, (max-width: 1071px) 543px, 580px\" \/><\/a><\/figure>\n\n\n\n<p><br>Wydarzenie dofinansowane z Bud\u017cetu Gminy Miasto Rzesz\u00f3w<\/p>\n\n\n\n<p>Patronat Honorowy \u2013 Prezydent Rzeszowa Konrad Fijo\u0142ek.<\/p>\n\n\n\n<p><br>Bilety \u2013 Wst\u0119p wolny za okazaniem wej\u015bci\u00f3wek, dost\u0119pnych od 06.10.2025&nbsp; w CMR ul.Osmeckiego 51, po wcze\u015bniejszej rezerwacji telefonicznej 17 748 38 91<\/p>\n\n\n\n<p>\u2014\u2014\u2014\u2013<\/p>\n\n\n\n<p>Organizatorem jest Stowarzyszenie Wspierania Edukacji Artystycznej \u201ePromotor\u201d.<\/p>\n\n\n\n<p><br>Wsp\u00f3\u0142organizatorzy:&nbsp; Centrum M\u0142odzie\u017cy w Rzeszowie, Rada M\u0142odzie\u017cy Rzeszowa, Stowarzyszenie Sport i Balet w Rzeszowie.<\/p>\n\n\n\n<figure class=\"wp-block-image size-large\"><img loading=\"lazy\" width=\"870\" height=\"886\" src=\"http:\/\/promotor.rzeszow.pl\/wp-content\/uploads\/2025\/10\/prezentacje.jpg\" alt=\"\" class=\"wp-image-620\" srcset=\"http:\/\/promotor.rzeszow.pl\/wp-content\/uploads\/2025\/10\/prezentacje.jpg 870w, http:\/\/promotor.rzeszow.pl\/wp-content\/uploads\/2025\/10\/prezentacje-295x300.jpg 295w, http:\/\/promotor.rzeszow.pl\/wp-content\/uploads\/2025\/10\/prezentacje-768x782.jpg 768w\" sizes=\"(max-width: 767px) 89vw, (max-width: 1000px) 54vw, (max-width: 1071px) 543px, 580px\" \/><\/figure>\n\n\n\n<figure class=\"wp-block-image size-large\"><img loading=\"lazy\" width=\"900\" height=\"876\" src=\"http:\/\/promotor.rzeszow.pl\/wp-content\/uploads\/2025\/10\/pr.oby_.jpg\" alt=\"\" class=\"wp-image-621\" srcset=\"http:\/\/promotor.rzeszow.pl\/wp-content\/uploads\/2025\/10\/pr.oby_.jpg 900w, http:\/\/promotor.rzeszow.pl\/wp-content\/uploads\/2025\/10\/pr.oby_-300x292.jpg 300w, http:\/\/promotor.rzeszow.pl\/wp-content\/uploads\/2025\/10\/pr.oby_-768x748.jpg 768w\" sizes=\"(max-width: 767px) 89vw, (max-width: 1000px) 54vw, (max-width: 1071px) 543px, 580px\" \/><\/figure>\n\n\n\n<figure class=\"wp-block-image size-large\"><img loading=\"lazy\" width=\"1024\" height=\"1024\" src=\"http:\/\/promotor.rzeszow.pl\/wp-content\/uploads\/2025\/10\/MY_gotowe2-1024x1024.png\" alt=\"\" class=\"wp-image-616\" srcset=\"http:\/\/promotor.rzeszow.pl\/wp-content\/uploads\/2025\/10\/MY_gotowe2-1024x1024.png 1024w, http:\/\/promotor.rzeszow.pl\/wp-content\/uploads\/2025\/10\/MY_gotowe2-300x300.png 300w, http:\/\/promotor.rzeszow.pl\/wp-content\/uploads\/2025\/10\/MY_gotowe2-150x150.png 150w, http:\/\/promotor.rzeszow.pl\/wp-content\/uploads\/2025\/10\/MY_gotowe2-768x768.png 768w, http:\/\/promotor.rzeszow.pl\/wp-content\/uploads\/2025\/10\/MY_gotowe2-1536x1536.png 1536w, http:\/\/promotor.rzeszow.pl\/wp-content\/uploads\/2025\/10\/MY_gotowe2-2048x2048.png 2048w, http:\/\/promotor.rzeszow.pl\/wp-content\/uploads\/2025\/10\/MY_gotowe2-100x100.png 100w\" sizes=\"(max-width: 767px) 89vw, (max-width: 1000px) 54vw, (max-width: 1071px) 543px, 580px\" \/><\/figure>\n","protected":false},"excerpt":{"rendered":"<p>29.10.2025r. Wielkie \u015bwi\u0119to ta\u0144ca w Rzeszowie XXII Mi\u0119dzynarodowy Festiwal Zespo\u0142\u00f3w tanecznych \u201cO Laur Recha\u201d Stowarzyszenie Wspierania Edukacji Artystycznej PROMOTOR, Centrum M\u0142odzie\u017cy w Rzeszowie wraz z Rad\u0105 M\u0142odzie\u017cy Rzeszowa zapraszaj\u0105 29 pa\u017adziernika 2025 do Rzeszowa. Festiwal odb\u0119dzie si\u0119&nbsp; 29.10.2025r.&nbsp;(\u015broda) w Filharmonii Podkarpackiej im. Artura Malawskiego przy ul. Chopina 30 w Rzeszowie. Podczas prezentacji konkursowych&nbsp;zaprezentuje si\u0119&nbsp;19 grup &hellip; <\/p>\n<p class=\"link-more\"><a href=\"http:\/\/promotor.rzeszow.pl\/?p=614\" class=\"more-link\">Czytaj dalej<span class=\"screen-reader-text\"> 29.10.2025 Prezentacje konkursowe i Koncert Galowy<\/span><\/a><\/p>\n","protected":false},"author":1,"featured_media":606,"comment_status":"open","ping_status":"open","sticky":false,"template":"","format":"standard","meta":[],"categories":[1],"tags":[],"_links":{"self":[{"href":"http:\/\/promotor.rzeszow.pl\/index.php?rest_route=\/wp\/v2\/posts\/614"}],"collection":[{"href":"http:\/\/promotor.rzeszow.pl\/index.php?rest_route=\/wp\/v2\/posts"}],"about":[{"href":"http:\/\/promotor.rzeszow.pl\/index.php?rest_route=\/wp\/v2\/types\/post"}],"author":[{"embeddable":true,"href":"http:\/\/promotor.rzeszow.pl\/index.php?rest_route=\/wp\/v2\/users\/1"}],"replies":[{"embeddable":true,"href":"http:\/\/promotor.rzeszow.pl\/index.php?rest_route=%2Fwp%2Fv2%2Fcomments&post=614"}],"version-history":[{"count":5,"href":"http:\/\/promotor.rzeszow.pl\/index.php?rest_route=\/wp\/v2\/posts\/614\/revisions"}],"predecessor-version":[{"id":624,"href":"http:\/\/promotor.rzeszow.pl\/index.php?rest_route=\/wp\/v2\/posts\/614\/revisions\/624"}],"wp:featuredmedia":[{"embeddable":true,"href":"http:\/\/promotor.rzeszow.pl\/index.php?rest_route=\/wp\/v2\/media\/606"}],"wp:attachment":[{"href":"http:\/\/promotor.rzeszow.pl\/index.php?rest_route=%2Fwp%2Fv2%2Fmedia&parent=614"}],"wp:term":[{"taxonomy":"category","embeddable":true,"href":"http:\/\/promotor.rzeszow.pl\/index.php?rest_route=%2Fwp%2Fv2%2Fcategories&post=614"},{"taxonomy":"post_tag","embeddable":true,"href":"http:\/\/promotor.rzeszow.pl\/index.php?rest_route=%2Fwp%2Fv2%2Ftags&post=614"}],"curies":[{"name":"wp","href":"https:\/\/api.w.org\/{rel}","templated":true}]}}