{"id":581,"date":"2025-05-08T09:45:34","date_gmt":"2025-05-08T09:45:34","guid":{"rendered":"http:\/\/promotor.rzeszow.pl\/?p=581"},"modified":"2025-05-08T09:45:34","modified_gmt":"2025-05-08T09:45:34","slug":"kolejnosc-prezentacji-iii-wojewodzki-przeglad-zespolow-taneczna-niezapominajka-23-05-2025","status":"publish","type":"post","link":"http:\/\/promotor.rzeszow.pl\/?p=581","title":{"rendered":"Kolejno\u015b\u0107 prezentacji III Wojew\u00f3dzki Przegl\u0105d Zespo\u0142\u00f3w TANECZNA NIEZAPOMINAJKA 23.05.2025"},"content":{"rendered":"\n<p><strong>Kolejno\u015b\u0107 prezentacji<br>III Wojew\u00f3dzki Przegl\u0105d Zespo\u0142\u00f3w TANECZNA NIEZAPOMINAJKA<\/strong><\/p>\n\n\n\n<p>23 maja 2025 (pi\u0105tek) \u2013&nbsp; rozpocz\u0119cie godz. 9:00<\/p>\n\n\n\n<p><strong>9:00 \u2013 10:30<\/strong><\/p>\n\n\n\n<p><strong>Kategoria I \u2013 Klasy 1-3 Szko\u0142y Podstawowej<\/strong><\/p>\n\n\n\n<ol><li>Crazy Girls Kids \u2013 Gminny O\u015brodek Kultury i Czytelnictwa Rakszawa<\/li><li>Zesp\u00f3\u0142 Taneczny Ma\u0142y Flesz \u2013 Gminny O\u015brodek Kultury i Czytelnictwa Rakszawa<\/li><li>Prado Dance \u2013 Gminne Centrum Kultury w Trzebownisku<\/li><li>Zesp\u00f3\u0142 Taneczny KLEKS VI \u2013 Regionalne Centrum Kultury Pogranicza Krosno<\/li><li>Studio Ta\u0144ca SENSO \u2013 Trzebownisko<\/li><li>T8 \u2013 Centrum M\u0142odzie\u017cy w Rzeszowie<\/li><li>Prima Mini Dzieci \u2013 Prima Akademia Ta\u0144ca Rzesz\u00f3w<\/li><li>Cytrusy grupa m\u0142odsza- Powiatowe Ognisko Baletowe Jaros\u0142aw<\/li><li>SARDIAN A \u2013 Gminne Centrum Kultury Je\u017cowe<\/li><li>SARDIAN Cholewiana G\u00f3ra \u2013 Gminne Centrum Kultury Je\u017cowe<\/li><li>Zesp\u00f3\u0142 Taneczny NEMEZIS gr. V \u2013 Ustrzycki Dom Kultury<\/li><li>\u201eKlap-dens\u201d \u2013 SP Nr 21 z oddzia\u0142ami dwuj\u0119zycznymi w Rzeszowie<\/li><li>Zesp\u00f3\u0142 Taneczny STEPSIKI \u2013 Fundacja Wspierania i Organizacji Czasu Wolnego Chlebek\u201d Kolbuszowa<\/li><li>Zesp\u00f3\u0142 Taneczny Lamparciki gr. B &nbsp;\u2013 SP Nr 31 Rzesz\u00f3w<\/li><li>Level \u2013 Akademia Ta\u0144ca Art Dance Marta Bednarska Nowa D\u0119ba<\/li><li>Exercise Dzieci 2 \u2013 Exercise Rzesz\u00f3w<\/li><li>Zesp\u00f3\u0142 Ta\u0144ca Estradowego \u201eMa\u0142a Volta\u201d 3 \u2013 Miejski Dom Kultury Stalowa Wola<\/li><li>DMS GANG \u2013 Dance Mind Studio Rzesz\u00f3w<\/li><\/ol>\n\n\n\n<p><strong>11:00 Og\u0142oszenie wynik\u00f3w I Kategorii wiekowej<\/strong><\/p>\n\n\n\n<p><strong>11:30 \u2013 12:00&nbsp;<\/strong><strong>Kategoria II \u2013 Klasy 4-6 Szko\u0142y Podstawowej<\/strong><\/p>\n\n\n\n<ol><li>Teatr Ta\u0144ca Flow \u2013&nbsp;Filia MDK Rozwadowski Dom Kultury w Stalowej Woli<\/li><li>Zesp\u00f3\u0142 Taneczny Lamparciki&nbsp; A \u2013 SP Nr 31 Rzesz\u00f3w<\/li><li>Crazy Girls Junior \u2013 Gminny O\u015brodek Kultury i Czytelnictwa Rakszawa<\/li><li>Prima Dzieci 1 \u2013 Prima Akademia Ta\u0144ca Rzesz\u00f3w<\/li><li>Prima Dzieci 2 \u2013 Prima Akademia Ta\u0144ca Rzesz\u00f3w<\/li><li>SLASH \u2013 Ustrzycki Dom Kultury&nbsp;<\/li><li>SWING \u2013 Ustrzycki Dom Kultury&nbsp;<\/li><li>SARDIAN STARY NART \u2013 Gminne Centrum Kultury Je\u017cowe<\/li><li>DMS SQUAD \u2013 Dance Mind Studio Rzesz\u00f3w<\/li><li>Golden Queens \u2013 Akademia Ta\u0144ca Art Dance Marta Bednarska Nowa D\u0119ba<\/li><li>Zesp\u00f3\u0142 Ta\u0144ca Estradowego \u201eMa\u0142a Volta\u201d 4 \u2013 Miejski Dom Kultury Stalowa Wola<\/li><\/ol>\n\n\n\n<p><strong>12:00 \u2013 12:30&nbsp;<\/strong><strong>Kategoria III \u2013 Klasy 7-8 Szko\u0142y Podstawowej<\/strong><\/p>\n\n\n\n<ol><li>Exercise Junior 2 \u2013 Exercise Rzesz\u00f3w<\/li><li>Prima Kadeci \u2013 Prima Akademia Ta\u0144ca Rzesz\u00f3w<\/li><li>SARDIAN C \u2013 Gminne Centrum Kultury Je\u017cowe<\/li><li>Art Dance \u2013 Rzeszowski Dom Kultury<\/li><li>DMS CREW \u2013 Dance Mind Studio Rzesz\u00f3w<\/li><li>Akademia Ta\u0144ca Jazzowego Sensdance \u2013 Rzesz\u00f3w<\/li><\/ol>\n\n\n\n<p><strong>13:00 &nbsp;\u2013 13:30 Og\u0142oszenie wynik\u00f3w II i III Kategorii wiekowej<\/strong><\/p>\n","protected":false},"excerpt":{"rendered":"<p>Kolejno\u015b\u0107 prezentacjiIII Wojew\u00f3dzki Przegl\u0105d Zespo\u0142\u00f3w TANECZNA NIEZAPOMINAJKA 23 maja 2025 (pi\u0105tek) \u2013&nbsp; rozpocz\u0119cie godz. 9:00 9:00 \u2013 10:30 Kategoria I \u2013 Klasy 1-3 Szko\u0142y Podstawowej Crazy Girls Kids \u2013 Gminny O\u015brodek Kultury i Czytelnictwa Rakszawa Zesp\u00f3\u0142 Taneczny Ma\u0142y Flesz \u2013 Gminny O\u015brodek Kultury i Czytelnictwa Rakszawa Prado Dance \u2013 Gminne Centrum Kultury w Trzebownisku Zesp\u00f3\u0142 &hellip; <\/p>\n<p class=\"link-more\"><a href=\"http:\/\/promotor.rzeszow.pl\/?p=581\" class=\"more-link\">Czytaj dalej<span class=\"screen-reader-text\"> Kolejno\u015b\u0107 prezentacji III Wojew\u00f3dzki Przegl\u0105d Zespo\u0142\u00f3w TANECZNA NIEZAPOMINAJKA 23.05.2025<\/span><\/a><\/p>\n","protected":false},"author":1,"featured_media":567,"comment_status":"open","ping_status":"open","sticky":false,"template":"","format":"standard","meta":[],"categories":[3],"tags":[],"_links":{"self":[{"href":"http:\/\/promotor.rzeszow.pl\/index.php?rest_route=\/wp\/v2\/posts\/581"}],"collection":[{"href":"http:\/\/promotor.rzeszow.pl\/index.php?rest_route=\/wp\/v2\/posts"}],"about":[{"href":"http:\/\/promotor.rzeszow.pl\/index.php?rest_route=\/wp\/v2\/types\/post"}],"author":[{"embeddable":true,"href":"http:\/\/promotor.rzeszow.pl\/index.php?rest_route=\/wp\/v2\/users\/1"}],"replies":[{"embeddable":true,"href":"http:\/\/promotor.rzeszow.pl\/index.php?rest_route=%2Fwp%2Fv2%2Fcomments&post=581"}],"version-history":[{"count":1,"href":"http:\/\/promotor.rzeszow.pl\/index.php?rest_route=\/wp\/v2\/posts\/581\/revisions"}],"predecessor-version":[{"id":582,"href":"http:\/\/promotor.rzeszow.pl\/index.php?rest_route=\/wp\/v2\/posts\/581\/revisions\/582"}],"wp:featuredmedia":[{"embeddable":true,"href":"http:\/\/promotor.rzeszow.pl\/index.php?rest_route=\/wp\/v2\/media\/567"}],"wp:attachment":[{"href":"http:\/\/promotor.rzeszow.pl\/index.php?rest_route=%2Fwp%2Fv2%2Fmedia&parent=581"}],"wp:term":[{"taxonomy":"category","embeddable":true,"href":"http:\/\/promotor.rzeszow.pl\/index.php?rest_route=%2Fwp%2Fv2%2Fcategories&post=581"},{"taxonomy":"post_tag","embeddable":true,"href":"http:\/\/promotor.rzeszow.pl\/index.php?rest_route=%2Fwp%2Fv2%2Ftags&post=581"}],"curies":[{"name":"wp","href":"https:\/\/api.w.org\/{rel}","templated":true}]}}