{"id":394,"date":"2024-07-03T11:52:02","date_gmt":"2024-07-03T11:52:02","guid":{"rendered":"http:\/\/promotor.rzeszow.pl\/?p=394"},"modified":"2024-10-09T11:52:30","modified_gmt":"2024-10-09T11:52:30","slug":"xxi-miedzynarodowy-festiwal-zespolow-tanecznych-o-laur-rzecha","status":"publish","type":"post","link":"http:\/\/promotor.rzeszow.pl\/?p=394","title":{"rendered":"XXI Mi\u0119dzynarodowy Festiwal Zespo\u0142\u00f3w Tanecznych &#8222;O Laur Rzecha&#8221;"},"content":{"rendered":"\n<figure class=\"wp-block-image size-large\"><img loading=\"lazy\" width=\"1024\" height=\"724\" src=\"http:\/\/promotor.rzeszow.pl\/wp-content\/uploads\/2024\/10\/Plakat-laur-2024_1-1-1024x724.jpg\" alt=\"\" class=\"wp-image-421\" srcset=\"http:\/\/promotor.rzeszow.pl\/wp-content\/uploads\/2024\/10\/Plakat-laur-2024_1-1-1024x724.jpg 1024w, http:\/\/promotor.rzeszow.pl\/wp-content\/uploads\/2024\/10\/Plakat-laur-2024_1-1-300x212.jpg 300w, http:\/\/promotor.rzeszow.pl\/wp-content\/uploads\/2024\/10\/Plakat-laur-2024_1-1-768x543.jpg 768w, http:\/\/promotor.rzeszow.pl\/wp-content\/uploads\/2024\/10\/Plakat-laur-2024_1-1-1536x1087.jpg 1536w, http:\/\/promotor.rzeszow.pl\/wp-content\/uploads\/2024\/10\/Plakat-laur-2024_1-1-2048x1449.jpg 2048w\" sizes=\"(max-width: 767px) 89vw, (max-width: 1000px) 54vw, (max-width: 1071px) 543px, 580px\" \/><\/figure>\n\n\n\n<div class=\"wp-block-file\"><a href=\"http:\/\/promotor.rzeszow.pl\/wp-content\/uploads\/2024\/07\/Regulamin_rzech_2024.pdf\">Regulamin_rzech_2024<\/a><a href=\"http:\/\/promotor.rzeszow.pl\/wp-content\/uploads\/2024\/07\/Regulamin_rzech_2024.pdf\" class=\"wp-block-file__button\" download>Pobierz<\/a><\/div>\n\n\n\n<div class=\"wp-block-file\"><a href=\"http:\/\/promotor.rzeszow.pl\/wp-content\/uploads\/2024\/07\/Karta-zgloszenia-Laur-2024-1.doc\">Karta-zgloszenia-Laur<\/a><a href=\"http:\/\/promotor.rzeszow.pl\/wp-content\/uploads\/2024\/07\/Karta-zgloszenia-Laur-2024-1.doc\" class=\"wp-block-file__button\" download>Pobierz<\/a><\/div>\n\n\n\n<div class=\"wp-block-file\"><a href=\"http:\/\/promotor.rzeszow.pl\/wp-content\/uploads\/2024\/07\/Rodo-Laur-Rzecha-oswiadczenie.b-1.odt\">O\u015bwiadczenie Tancerza<\/a><a href=\"http:\/\/promotor.rzeszow.pl\/wp-content\/uploads\/2024\/07\/Rodo-Laur-Rzecha-oswiadczenie.b-1.odt\" class=\"wp-block-file__button\" download>Pobierz<\/a><\/div>\n\n\n\n<p>Organizatorem jest Stowarzyszenie Wspierania Edukacji Artystycznej \u201ePromotor\u201d.<\/p>\n\n\n\n<p>Wsp\u00f3\u0142organizatorzy:&nbsp; Centrum M\u0142odzie\u017cy w Rzeszowie, Rada M\u0142odzie\u017cy Rzeszowa, Stowarzyszenie Sport i Balet.<\/p>\n\n\n\n<p><em><strong>Festiwal odb\u0119dzie si\u0119&nbsp; 30.10.2024r.<\/strong><\/em>&nbsp;(\u015broda) w Filharmonii Podkarpackiej im. Artura Malawskiego przy ul. Chopina 30 w Rzeszowie.<\/p>\n\n\n\n<p><strong>Podczas prezentacji konkursowych<\/strong> zaprezentuje si\u0119 <strong>18 grup tanecznych<\/strong>. Ocenia\u0107 je b\u0119dzie wykwalifikowane jury. Zespo\u0142y zaprezentuj\u0105 si\u0119 w czterech kategoriach wiekowych, do 8 lat, 8-12 lat, 12-17 lat, 17-24 lata.<\/p>\n\n\n\n<p><strong>W koncercie galowym o godz. 17.00<\/strong>&nbsp;zaprezentuj\u0105 si\u0119 laureaci prezentacji konkursowych oraz tancerze z CMR.&nbsp; W sumie na scenie zata\u0144czy oko\u0142o&nbsp;<strong>400 tancerzy.<\/strong><\/p>\n\n\n\n<p>Wsparcia finansowego udzieli\u0142 Prezydent Miasta Rzeszowa.&nbsp;<\/p>\n\n\n\n<p>Bilety &#8211; Wst\u0119p wolny za okazaniem wej\u015bci\u00f3wek, dost\u0119pnych od po\u0142owy pa\u017adziernika w CMR ul.Osmeckiego 51, po wcze\u015bniejszej rezerwacji telefonicznej 17 748 38 91<\/p>\n\n\n\n<figure class=\"wp-block-image size-large\"><img loading=\"lazy\" width=\"1024\" height=\"309\" src=\"http:\/\/promotor.rzeszow.pl\/wp-content\/uploads\/2023\/09\/logo_nowe_polskie_corel9-1024x309.jpg\" alt=\"\" class=\"wp-image-316\" srcset=\"http:\/\/promotor.rzeszow.pl\/wp-content\/uploads\/2023\/09\/logo_nowe_polskie_corel9-1024x309.jpg 1024w, http:\/\/promotor.rzeszow.pl\/wp-content\/uploads\/2023\/09\/logo_nowe_polskie_corel9-300x91.jpg 300w, http:\/\/promotor.rzeszow.pl\/wp-content\/uploads\/2023\/09\/logo_nowe_polskie_corel9-768x232.jpg 768w, http:\/\/promotor.rzeszow.pl\/wp-content\/uploads\/2023\/09\/logo_nowe_polskie_corel9-1536x464.jpg 1536w, http:\/\/promotor.rzeszow.pl\/wp-content\/uploads\/2023\/09\/logo_nowe_polskie_corel9.jpg 1984w\" sizes=\"(max-width: 767px) 89vw, (max-width: 1000px) 54vw, (max-width: 1071px) 543px, 580px\" \/><\/figure>\n\n\n\n<figure class=\"wp-block-image size-large\"><img loading=\"lazy\" width=\"1024\" height=\"608\" src=\"http:\/\/promotor.rzeszow.pl\/wp-content\/uploads\/2024\/07\/Logo-24-1024x608.jpg\" alt=\"\" class=\"wp-image-395\" srcset=\"http:\/\/promotor.rzeszow.pl\/wp-content\/uploads\/2024\/07\/Logo-24-1024x608.jpg 1024w, http:\/\/promotor.rzeszow.pl\/wp-content\/uploads\/2024\/07\/Logo-24-300x178.jpg 300w, http:\/\/promotor.rzeszow.pl\/wp-content\/uploads\/2024\/07\/Logo-24-768x456.jpg 768w, http:\/\/promotor.rzeszow.pl\/wp-content\/uploads\/2024\/07\/Logo-24-1536x912.jpg 1536w, http:\/\/promotor.rzeszow.pl\/wp-content\/uploads\/2024\/07\/Logo-24-2048x1216.jpg 2048w\" sizes=\"(max-width: 767px) 89vw, (max-width: 1000px) 54vw, (max-width: 1071px) 543px, 580px\" \/><\/figure>\n","protected":false},"excerpt":{"rendered":"<p>Organizatorem jest Stowarzyszenie Wspierania Edukacji Artystycznej \u201ePromotor\u201d. Wsp\u00f3\u0142organizatorzy:&nbsp; Centrum M\u0142odzie\u017cy w Rzeszowie, Rada M\u0142odzie\u017cy Rzeszowa, Stowarzyszenie Sport i Balet. Festiwal odb\u0119dzie si\u0119&nbsp; 30.10.2024r.&nbsp;(\u015broda) w Filharmonii Podkarpackiej im. Artura Malawskiego przy ul. Chopina 30 w Rzeszowie. Podczas prezentacji konkursowych zaprezentuje si\u0119 18 grup tanecznych. Ocenia\u0107 je b\u0119dzie wykwalifikowane jury. Zespo\u0142y zaprezentuj\u0105 si\u0119 w czterech kategoriach wiekowych, &hellip; <\/p>\n<p class=\"link-more\"><a href=\"http:\/\/promotor.rzeszow.pl\/?p=394\" class=\"more-link\">Czytaj dalej<span class=\"screen-reader-text\"> XXI Mi\u0119dzynarodowy Festiwal Zespo\u0142\u00f3w Tanecznych &#8222;O Laur Rzecha&#8221;<\/span><\/a><\/p>\n","protected":false},"author":1,"featured_media":395,"comment_status":"open","ping_status":"open","sticky":false,"template":"","format":"standard","meta":[],"categories":[3],"tags":[6],"_links":{"self":[{"href":"http:\/\/promotor.rzeszow.pl\/index.php?rest_route=\/wp\/v2\/posts\/394"}],"collection":[{"href":"http:\/\/promotor.rzeszow.pl\/index.php?rest_route=\/wp\/v2\/posts"}],"about":[{"href":"http:\/\/promotor.rzeszow.pl\/index.php?rest_route=\/wp\/v2\/types\/post"}],"author":[{"embeddable":true,"href":"http:\/\/promotor.rzeszow.pl\/index.php?rest_route=\/wp\/v2\/users\/1"}],"replies":[{"embeddable":true,"href":"http:\/\/promotor.rzeszow.pl\/index.php?rest_route=%2Fwp%2Fv2%2Fcomments&post=394"}],"version-history":[{"count":8,"href":"http:\/\/promotor.rzeszow.pl\/index.php?rest_route=\/wp\/v2\/posts\/394\/revisions"}],"predecessor-version":[{"id":422,"href":"http:\/\/promotor.rzeszow.pl\/index.php?rest_route=\/wp\/v2\/posts\/394\/revisions\/422"}],"wp:featuredmedia":[{"embeddable":true,"href":"http:\/\/promotor.rzeszow.pl\/index.php?rest_route=\/wp\/v2\/media\/395"}],"wp:attachment":[{"href":"http:\/\/promotor.rzeszow.pl\/index.php?rest_route=%2Fwp%2Fv2%2Fmedia&parent=394"}],"wp:term":[{"taxonomy":"category","embeddable":true,"href":"http:\/\/promotor.rzeszow.pl\/index.php?rest_route=%2Fwp%2Fv2%2Fcategories&post=394"},{"taxonomy":"post_tag","embeddable":true,"href":"http:\/\/promotor.rzeszow.pl\/index.php?rest_route=%2Fwp%2Fv2%2Ftags&post=394"}],"curies":[{"name":"wp","href":"https:\/\/api.w.org\/{rel}","templated":true}]}}