{"id":108,"date":"2021-10-19T11:00:48","date_gmt":"2021-10-19T11:00:48","guid":{"rendered":"http:\/\/promotor.rzeszow.pl\/?p=108"},"modified":"2023-11-02T09:00:27","modified_gmt":"2023-11-02T09:00:27","slug":"koncert-galowy-xviii-miedzynarodowego-festiwalu-zespolow-tanecznych-o-laur-rzecha-2021","status":"publish","type":"post","link":"http:\/\/promotor.rzeszow.pl\/?p=108","title":{"rendered":"Koncert Galowy XVIII Mi\u0119dzynarodowego Festiwalu Zespo\u0142\u00f3w Tanecznych &#8222;O Laur Rzecha&#8221; 2021"},"content":{"rendered":"\n<p>Zapraszamy na Koncert Galowy, kt\u00f3ry odb\u0119dzie si\u0119 28.10.2021r. o godz. 18.00 <br>w Filharmonii Podkarpackiej.<\/p>\n\n\n\n<p>Podczas Koncertu obowi\u0105zywa\u0107 b\u0119d\u0105 zasady bezpiecze\u0144stwa zawarte w regulaminie M\u0142odzie\u017cowego Domu Kultury w Rzeszowie, w zwi\u0105zku z epidemi\u0105 wirusa SARS-CoV-2.<\/p>\n\n\n\n<p> Wej\u015bci\u00f3wki b\u0119d\u0105 wydawane od <strong>20.10.2021r.<\/strong> w godz. <strong>8.00-15.00<\/strong>, tylko po wcze\u015bniejszej rezerwacji telefonicznej 17 748 38 91, w MDK ul. Osmeckiego 51 (os. Baran\u00f3wka 4).<br>Zapraszamy!<\/p>\n\n\n\n<figure class=\"wp-block-image size-large\"><img loading=\"lazy\" width=\"725\" height=\"1024\" src=\"http:\/\/promotor.rzeszow.pl\/wp-content\/uploads\/2021\/10\/Plakat-laur-2021-2-725x1024.jpg\" alt=\"\" class=\"wp-image-109\" srcset=\"http:\/\/promotor.rzeszow.pl\/wp-content\/uploads\/2021\/10\/Plakat-laur-2021-2-725x1024.jpg 725w, http:\/\/promotor.rzeszow.pl\/wp-content\/uploads\/2021\/10\/Plakat-laur-2021-2-212x300.jpg 212w, http:\/\/promotor.rzeszow.pl\/wp-content\/uploads\/2021\/10\/Plakat-laur-2021-2-768x1084.jpg 768w, http:\/\/promotor.rzeszow.pl\/wp-content\/uploads\/2021\/10\/Plakat-laur-2021-2-1088x1536.jpg 1088w, http:\/\/promotor.rzeszow.pl\/wp-content\/uploads\/2021\/10\/Plakat-laur-2021-2.jpg 1223w\" sizes=\"(max-width: 725px) 100vw, 725px\" \/><\/figure>\n\n\n\n<figure class=\"wp-block-gallery columns-2 is-cropped\"><ul class=\"blocks-gallery-grid\"><li class=\"blocks-gallery-item\"><figure><img loading=\"lazy\" width=\"718\" height=\"1024\" src=\"http:\/\/promotor.rzeszow.pl\/wp-content\/uploads\/2021\/10\/Scan2021-10-18_132923_001-1-718x1024.jpg\" alt=\"\" data-id=\"115\" data-full-url=\"http:\/\/promotor.rzeszow.pl\/wp-content\/uploads\/2021\/10\/Scan2021-10-18_132923_001-1-scaled.jpg\" data-link=\"http:\/\/promotor.rzeszow.pl\/?attachment_id=115\" class=\"wp-image-115\" srcset=\"http:\/\/promotor.rzeszow.pl\/wp-content\/uploads\/2021\/10\/Scan2021-10-18_132923_001-1-718x1024.jpg 718w, http:\/\/promotor.rzeszow.pl\/wp-content\/uploads\/2021\/10\/Scan2021-10-18_132923_001-1-210x300.jpg 210w, http:\/\/promotor.rzeszow.pl\/wp-content\/uploads\/2021\/10\/Scan2021-10-18_132923_001-1-768x1096.jpg 768w, http:\/\/promotor.rzeszow.pl\/wp-content\/uploads\/2021\/10\/Scan2021-10-18_132923_001-1-1077x1536.jpg 1077w, http:\/\/promotor.rzeszow.pl\/wp-content\/uploads\/2021\/10\/Scan2021-10-18_132923_001-1-1435x2048.jpg 1435w, http:\/\/promotor.rzeszow.pl\/wp-content\/uploads\/2021\/10\/Scan2021-10-18_132923_001-1-scaled.jpg 1794w\" sizes=\"(max-width: 718px) 100vw, 718px\" \/><\/figure><\/li><li class=\"blocks-gallery-item\"><figure><img loading=\"lazy\" width=\"718\" height=\"1024\" src=\"http:\/\/promotor.rzeszow.pl\/wp-content\/uploads\/2021\/10\/Scan2021-10-18_132923_002-1-718x1024.jpg\" alt=\"\" data-id=\"116\" data-full-url=\"http:\/\/promotor.rzeszow.pl\/wp-content\/uploads\/2021\/10\/Scan2021-10-18_132923_002-1-scaled.jpg\" data-link=\"http:\/\/promotor.rzeszow.pl\/?attachment_id=116\" class=\"wp-image-116\" srcset=\"http:\/\/promotor.rzeszow.pl\/wp-content\/uploads\/2021\/10\/Scan2021-10-18_132923_002-1-718x1024.jpg 718w, http:\/\/promotor.rzeszow.pl\/wp-content\/uploads\/2021\/10\/Scan2021-10-18_132923_002-1-210x300.jpg 210w, http:\/\/promotor.rzeszow.pl\/wp-content\/uploads\/2021\/10\/Scan2021-10-18_132923_002-1-768x1096.jpg 768w, http:\/\/promotor.rzeszow.pl\/wp-content\/uploads\/2021\/10\/Scan2021-10-18_132923_002-1-1077x1536.jpg 1077w, http:\/\/promotor.rzeszow.pl\/wp-content\/uploads\/2021\/10\/Scan2021-10-18_132923_002-1-1435x2048.jpg 1435w, http:\/\/promotor.rzeszow.pl\/wp-content\/uploads\/2021\/10\/Scan2021-10-18_132923_002-1-scaled.jpg 1794w\" sizes=\"(max-width: 718px) 100vw, 718px\" \/><\/figure><\/li><\/ul><\/figure>\n","protected":false},"excerpt":{"rendered":"<p>Zapraszamy na Koncert Galowy, kt\u00f3ry odb\u0119dzie si\u0119 28.10.2021r. o godz. 18.00 w Filharmonii Podkarpackiej. Podczas Koncertu obowi\u0105zywa\u0107 b\u0119d\u0105 zasady bezpiecze\u0144stwa zawarte w regulaminie M\u0142odzie\u017cowego Domu Kultury w Rzeszowie, w zwi\u0105zku z epidemi\u0105 wirusa SARS-CoV-2. Wej\u015bci\u00f3wki b\u0119d\u0105 wydawane od 20.10.2021r. w godz. 8.00-15.00, tylko po wcze\u015bniejszej rezerwacji telefonicznej 17 748 38 91, w MDK ul. Osmeckiego &hellip; <\/p>\n<p class=\"link-more\"><a href=\"http:\/\/promotor.rzeszow.pl\/?p=108\" class=\"more-link\">Czytaj dalej<span class=\"screen-reader-text\"> Koncert Galowy XVIII Mi\u0119dzynarodowego Festiwalu Zespo\u0142\u00f3w Tanecznych &#8222;O Laur Rzecha&#8221; 2021<\/span><\/a><\/p>\n","protected":false},"author":1,"featured_media":0,"comment_status":"open","ping_status":"open","sticky":false,"template":"","format":"standard","meta":[],"categories":[3],"tags":[],"_links":{"self":[{"href":"http:\/\/promotor.rzeszow.pl\/index.php?rest_route=\/wp\/v2\/posts\/108"}],"collection":[{"href":"http:\/\/promotor.rzeszow.pl\/index.php?rest_route=\/wp\/v2\/posts"}],"about":[{"href":"http:\/\/promotor.rzeszow.pl\/index.php?rest_route=\/wp\/v2\/types\/post"}],"author":[{"embeddable":true,"href":"http:\/\/promotor.rzeszow.pl\/index.php?rest_route=\/wp\/v2\/users\/1"}],"replies":[{"embeddable":true,"href":"http:\/\/promotor.rzeszow.pl\/index.php?rest_route=%2Fwp%2Fv2%2Fcomments&post=108"}],"version-history":[{"count":4,"href":"http:\/\/promotor.rzeszow.pl\/index.php?rest_route=\/wp\/v2\/posts\/108\/revisions"}],"predecessor-version":[{"id":117,"href":"http:\/\/promotor.rzeszow.pl\/index.php?rest_route=\/wp\/v2\/posts\/108\/revisions\/117"}],"wp:attachment":[{"href":"http:\/\/promotor.rzeszow.pl\/index.php?rest_route=%2Fwp%2Fv2%2Fmedia&parent=108"}],"wp:term":[{"taxonomy":"category","embeddable":true,"href":"http:\/\/promotor.rzeszow.pl\/index.php?rest_route=%2Fwp%2Fv2%2Fcategories&post=108"},{"taxonomy":"post_tag","embeddable":true,"href":"http:\/\/promotor.rzeszow.pl\/index.php?rest_route=%2Fwp%2Fv2%2Ftags&post=108"}],"curies":[{"name":"wp","href":"https:\/\/api.w.org\/{rel}","templated":true}]}}